{"id":3241,"date":"2022-10-27T10:17:27","date_gmt":"2022-10-27T13:17:27","guid":{"rendered":"https:\/\/extension.uncoma.edu.ar\/?p=3241"},"modified":"2022-10-28T08:41:19","modified_gmt":"2022-10-28T11:41:19","slug":"proyeccion-del-documental-amparo-ochoa-se-me-revento-el-barzon","status":"publish","type":"post","link":"https:\/\/extension.uncoma.edu.ar\/index.php\/cultura\/proyeccion-del-documental-amparo-ochoa-se-me-revento-el-barzon\/","title":{"rendered":"Proyecci\u00f3n del documental \u00abAmparo Ochoa. Se me revent\u00f3 el barz\u00f3n\u00bb"},"content":{"rendered":"<p>La Secretar\u00eda de Extensi\u00f3n de la Universidad Nacional del Comahue y la Mutual de los trabajadores de la Educaci\u00f3n de Neuqu\u00e9n (MUTEN) invitan a la proyecci\u00f3n del documental <strong>Amparo Ochoa. Se me revent\u00f3 el barz\u00f3n<\/strong> que se realizar\u00e1 el pr\u00f3ximo lunes 7 de noviembre a las 18 hs. en el Sal\u00f3n Azul de la Biblioteca central. La actividad contar\u00e1 con la presencia de su director Modesto L\u00f3pez.<\/p>\n<p><strong>Sobre el documental \u00abAmparo Ochoa. Se me revent\u00f3 el barz\u00f3n\u201d<\/strong><br \/>\nAmparo Ochoa naci\u00f3 en Sinaloa, M\u00e9xico, en el seno de una familia campesina, aprendi\u00f3 a tocar la guitarra con su padre y hermanos. Fue maestra rural y en el a\u00f1o 1969 llega a la ciudad de M\u00e9xico donde comienza su carrera profesional.<br \/>\nDice Modesto L\u00f3pez: \u00abPara mi realizar este documental de Amparo, la amiga, compa\u00f1era, cantora, gran feminista y militante de la vida es recuperar la memoria de una mujer que tuvo una voz, un compromiso, una m\u00fasica. Para ella cantar fue una pasi\u00f3n, volcarse hacia los otros, trasmitir en el aire tibio una canci\u00f3n con sentido; regodear el o\u00eddo del escucha con una melod\u00eda aut\u00e9ntica. A trav\u00e9s de la vida de Amparo a la que su familia y amigos mas cercanos apodaban \u201cvida\u201d puedo mostrar la vida de muchos de los m\u00fasicos y acontencimientos sociales que ocurrieron en M\u00e9xico desde los a\u00f1os 60 a nuestros d\u00edas.<br \/>\nDec\u00eda Amparo: \u00abuno no sabe bien cu\u00e1ndo empieza a cantar, un poco desde siempre: viene del gusto por expresarse. Por comunicar cosas y luego ya est\u00e1. Y la canci\u00f3n es lo que te define.\u00bb<br \/>\nEl director del film contin\u00faa: \u00abCantar como Amparo y muchos de sus compa\u00f1eros cantores es devolverle a la vida lo que se recibe de \u00e9sta; es regalarle a los hombres un momento de dicha, aunque se canten tristezas. Es privilegio liberador para quien lo hace, como para quien lo escucha. Todo canto en s\u00ed mismo es un acto de rebeld\u00eda. La voz es el instrumento de los instrumentos que la naturaleza nos regal\u00f3 para poblarla de cantos y poes\u00eda, por eso el canto surge no s\u00f3lo como necesidad de sentimientos, sino como prueba de inteligencia humana. Amparo es un s\u00edmbolo de los cantores populares y que ten\u00eda no solo una buena voz y mejor selecci\u00f2n de su repertorio sino tambi\u00e9n una gran claridad en su mensaje, cuando hablaba era una luz en la oscuridad:<br \/>\n\u00abEl compromiso de todo artista es la honestidad, la sinceridad y una cosa bien importante, el ser consientes que vivimos en una sociedad que sufre cambios muy interesantes, una sociedad que tiene un proceso hist\u00f3rico y que tiene un valor muy grande, mas valor tiene cuando los artistas sus trabajadores est\u00e1n plenamente consientes de ellos de que tenemos que ser responsable ante ese compromiso con nuestro pueblo con nuestra gente\u201d.<br \/>\nAmparo le ha cantado a la mujer, a los ni\u00f1os, ha difundido corridos de la revoluci\u00f3n, ha cantado en lenguas ind\u00edgenas, trova yucateca, nueva canci\u00f3n y folklore latinoamericano. A lo largo de su trayectoria altern\u00f3 escenarios con destacados interpretes de la canci\u00f3n como Mercedes Sosa, Silvio Rodr\u00edguez, Carlos y Luis Enrique Mej\u00eda Godoy, etc.<br \/>\nEl canto de Amparo es cr\u00edtico, contestario, pol\u00edtico. La escritora Elena Poniatowska dijo en alguna ocasi\u00f3n que \u201cal igual que otros toman el fusil, Amparo Ochoa alza la voz anunciando la buena nueva, pregonando el d\u00eda de la liberaci\u00f3n, el d\u00eda en que nadie sea esclavo y que a ning\u00fan ni\u00f1o le falte su barrilete\u201d.<\/p>\n<p><strong>Sobre el Director<\/strong><br \/>\nModesto L\u00f3pez nace en Lugo, Espa\u00f1a en 1945. En 1950 se radica en Argentina. En 1963 ingresa en la Escuela de Teatro Casacuberta y en 1968 funda junto a compa\u00f1eros como Oscar Mart\u00ednez y Alberto Segado la Asociaci\u00f3n de estudiantes de teatro de Argentina, instituci\u00f3n que agrupa aproximadamente 1000 estudiantes de esta especialidad.<br \/>\nEn 1969 realiza un viaje de estudios durante 6 meses por Espa\u00f1a, Francia y la URSS. Como actor participa en m\u00e1s de 10 obras teatrales, dirige en teatro tres obras en Argentina y una obra en M\u00e9xico, \u00abLa huelga\u00bb.<br \/>\nEn 1973 realiza un viaje de investigaci\u00f3n cultural por varios pa\u00edses de Am\u00e9rica latina y Estados Unidos. A su regreso es Coordinador del Departamento de cine de la Universidad Nacional de Comahue. En 1975, funda el grupo Siripo de Argentina, con quien realiza dos giras por Am\u00e9rica latina.<br \/>\nDesde 1979 radica en M\u00e9xico donde un a\u00f1o despu\u00e9s funda Ediciones Pentagrama, que hasta la fecha ha producido m\u00e1s de 800 t\u00edtulos discogr\u00e1ficos, libros y dvd\u2019s que documentan la riqueza musical con que cuenta M\u00e9xico y Am\u00e9rica latina.<br \/>\nEn 1983 produce en M\u00e9xico, junto con David Blaustein, la pel\u00edcula \u00abEl tango es una historia\u00bb, en la que participan Astor Piazzola, Osvaldo Pugliese y Susana Rinaldi. Con ella obtiene el premio Ariel al mejor documental en 1984.<br \/>\nColabora en varios documentales como guionista, productor o director. Se destacan \u00abJuan del agua\u00bb, que trata sobre la vida y obra de Juan Reynoso, uno de los violinistas de la zona de Tierra Caliente al que se le conoce como el Paganini de Tierra Caliente; \u00abPastor Cervera Trovador\u00bb, sobre la vida y obra de uno de los \u00faltimos grandes de la trova yucateca; \u201cOscar Ch\u00e1vez-Chiapas\u201d, \u201cErnesto Cardenal &#8211; Solentiname\u201d, realizado en Nicaragua, Costa Rica y Cuba; \u201cGrandes de Tlacotalpan. Entre d\u00e9cimas y sones\u201d que muestra la vida y obra de los m\u00fasicos Memo Salamanca, Andr\u00e9s Alfonso y los decim\u00edstas Rodrigo Guti\u00e9rrez y Guillermo Ch\u00e1zaro Lagos; \u00abAntonio Preciado Poeta (entre cantos y Marimbas)\u00bb; Al\u00ed Chumacero \u201cPalabras en reposo\u201d y el espect\u00e1culo po\u00e9tico-musical Roque Dalton \u201cTaberna y otros lugares\u201d.<br \/>\nEn el a\u00f1o 2013, despu\u00e9s de casi 3 a\u00f1os de trabajo, termina el documental del Coro Quiero Retruco titulado \u201cTodav\u00eda cantamos\u201d; en 2015 estrena \u00abJos\u00e9 Carlos Becerra Poeta\u00bb; \u201cEl ca\u00eddo del cielo\u201d (2016).<br \/>\nAcaba de presentar su libro \u00abMorri\u00f1as. Aguafuertes de mi andar por la vida\u00bb.<\/p>\n<p>&nbsp;<\/p>\n<p><img decoding=\"async\" src=\"http:\/\/extension.uncoma.edu.ar\/wp-content\/uploads\/2022\/10\/Afiche-Amparo-Ochoa_Mesa-de-trabajo-1-724x1024.jpg\" alt=\"\" width=\"724\" height=\"1024\" class=\"alignnone wp-image-3243 size-large\" srcset=\"https:\/\/extension.uncoma.edu.ar\/wp-content\/uploads\/2022\/10\/Afiche-Amparo-Ochoa_Mesa-de-trabajo-1-200x283.jpg 200w, https:\/\/extension.uncoma.edu.ar\/wp-content\/uploads\/2022\/10\/Afiche-Amparo-Ochoa_Mesa-de-trabajo-1-212x300.jpg 212w, https:\/\/extension.uncoma.edu.ar\/wp-content\/uploads\/2022\/10\/Afiche-Amparo-Ochoa_Mesa-de-trabajo-1-400x566.jpg 400w, https:\/\/extension.uncoma.edu.ar\/wp-content\/uploads\/2022\/10\/Afiche-Amparo-Ochoa_Mesa-de-trabajo-1-600x848.jpg 600w, https:\/\/extension.uncoma.edu.ar\/wp-content\/uploads\/2022\/10\/Afiche-Amparo-Ochoa_Mesa-de-trabajo-1-724x1024.jpg 724w, https:\/\/extension.uncoma.edu.ar\/wp-content\/uploads\/2022\/10\/Afiche-Amparo-Ochoa_Mesa-de-trabajo-1-768x1086.jpg 768w, https:\/\/extension.uncoma.edu.ar\/wp-content\/uploads\/2022\/10\/Afiche-Amparo-Ochoa_Mesa-de-trabajo-1-800x1131.jpg 800w, https:\/\/extension.uncoma.edu.ar\/wp-content\/uploads\/2022\/10\/Afiche-Amparo-Ochoa_Mesa-de-trabajo-1-1086x1536.jpg 1086w, https:\/\/extension.uncoma.edu.ar\/wp-content\/uploads\/2022\/10\/Afiche-Amparo-Ochoa_Mesa-de-trabajo-1-1200x1697.jpg 1200w, https:\/\/extension.uncoma.edu.ar\/wp-content\/uploads\/2022\/10\/Afiche-Amparo-Ochoa_Mesa-de-trabajo-1-1448x2048.jpg 1448w, https:\/\/extension.uncoma.edu.ar\/wp-content\/uploads\/2022\/10\/Afiche-Amparo-Ochoa_Mesa-de-trabajo-1-scaled.jpg 1811w\" sizes=\"(max-width: 724px) 100vw, 724px\" \/><\/p>\n","protected":false},"excerpt":{"rendered":"<p>La Secretar\u00eda de Extensi\u00f3n de la Universidad Nacional del Comahue  [&#8230;]<\/p>\n","protected":false},"author":9,"featured_media":3242,"comment_status":"open","ping_status":"open","sticky":false,"template":"","format":"standard","meta":{"_acf_changed":false,"footnotes":""},"categories":[118,120],"tags":[],"class_list":["post-3241","post","type-post","status-publish","format-standard","has-post-thumbnail","hentry","category-cultura","category-prensa"],"acf":[],"_links":{"self":[{"href":"https:\/\/extension.uncoma.edu.ar\/index.php\/wp-json\/wp\/v2\/posts\/3241","targetHints":{"allow":["GET"]}}],"collection":[{"href":"https:\/\/extension.uncoma.edu.ar\/index.php\/wp-json\/wp\/v2\/posts"}],"about":[{"href":"https:\/\/extension.uncoma.edu.ar\/index.php\/wp-json\/wp\/v2\/types\/post"}],"author":[{"embeddable":true,"href":"https:\/\/extension.uncoma.edu.ar\/index.php\/wp-json\/wp\/v2\/users\/9"}],"replies":[{"embeddable":true,"href":"https:\/\/extension.uncoma.edu.ar\/index.php\/wp-json\/wp\/v2\/comments?post=3241"}],"version-history":[{"count":2,"href":"https:\/\/extension.uncoma.edu.ar\/index.php\/wp-json\/wp\/v2\/posts\/3241\/revisions"}],"predecessor-version":[{"id":3248,"href":"https:\/\/extension.uncoma.edu.ar\/index.php\/wp-json\/wp\/v2\/posts\/3241\/revisions\/3248"}],"wp:featuredmedia":[{"embeddable":true,"href":"https:\/\/extension.uncoma.edu.ar\/index.php\/wp-json\/wp\/v2\/media\/3242"}],"wp:attachment":[{"href":"https:\/\/extension.uncoma.edu.ar\/index.php\/wp-json\/wp\/v2\/media?parent=3241"}],"wp:term":[{"taxonomy":"category","embeddable":true,"href":"https:\/\/extension.uncoma.edu.ar\/index.php\/wp-json\/wp\/v2\/categories?post=3241"},{"taxonomy":"post_tag","embeddable":true,"href":"https:\/\/extension.uncoma.edu.ar\/index.php\/wp-json\/wp\/v2\/tags?post=3241"}],"curies":[{"name":"wp","href":"https:\/\/api.w.org\/{rel}","templated":true}]}}